{"id":4091,"date":"2025-01-19T14:49:05","date_gmt":"2025-01-19T13:49:05","guid":{"rendered":"https:\/\/dev41.otrmedia.nl\/?p=4091"},"modified":"2025-02-13T14:51:36","modified_gmt":"2025-02-13T13:51:36","slug":"zusammenarbeit-mit-commit-bei-der-entwicklung-eines-hybriden-bushmaster-fahrzeugs","status":"publish","type":"post","link":"https:\/\/urbanmobilitysystems.nl\/de\/collaboration-with-commit-for-the-development-of-a-hybrid-bushmaster-vehicle\/","title":{"rendered":"Zusammenarbeit mit COMMIT bei der Entwicklung eines Bushmaster-Hybridfahrzeugs."},"content":{"rendered":"<p>Wir freuen uns, heute, am 19. Dezember, bekannt geben zu k\u00f6nnen, dass wir offiziell einen Vertrag mit COMMIT \u00fcber die Entwicklung eines Bushmaster-Hybridfahrzeugs unterzeichnet haben. Im Laufe des n\u00e4chsten Jahres werden wir eng zusammenarbeiten, um den Bushmaster in ein hochmodernes Hybridfahrzeug zu verwandeln und innovative und nachhaltige L\u00f6sungen voranzutreiben.<br><br>Dieses ehrgeizige Projekt wird eine modulare Bauweise aufweisen, die mit einem Multi-Fuel-Range-Extender ausgestattet ist, um Flexibilit\u00e4t und verbesserte Leistung zu gew\u00e4hrleisten. Mit diesen Fortschritten schaffen wir die Voraussetzungen f\u00fcr einen bahnbrechenden Fortschritt in der Hybridtechnologie.<br><br>Wir freuen uns unglaublich auf diese Reise und darauf, gemeinsam au\u00dfergew\u00f6hnliche Ergebnisse zu erzielen.<br><br><a href=\"https:\/\/www.linkedin.com\/in\/ACoAABbPyXQB9yoxewkvaImxRnUw63dcGiK_NLo\" target=\"_blank\" rel=\"noopener\"><\/a><a href=\"https:\/\/www.linkedin.com\/in\/lars-kool-3b0207a8\/\" target=\"_blank\" rel=\"noopener\">Lars Kool<\/a>, CEO\/CTO, teilt seine Begeisterung f\u00fcr die Zusammenarbeit und die vielversprechende Zukunft, die dieses Projekt darstellt.<br><br>An diesem Projekt beteiligte Partner:<br><a href=\"https:\/\/www.linkedin.com\/company\/ministerie-van-defensie\/\" target=\"_blank\" rel=\"noopener\">Ministerie van Defensie<\/a><br><a href=\"https:\/\/www.linkedin.com\/company\/ministerieez\/\" target=\"_blank\" rel=\"noopener\">Ministerium f\u00fcr wirtschaftliche Angelegenheiten<\/a><br><a href=\"https:\/\/www.linkedin.com\/company\/thales\/\" target=\"_blank\" rel=\"noopener\">Thales<\/a><br><a href=\"https:\/\/www.linkedin.com\/company\/urban-mobility-systems\/\" target=\"_blank\" rel=\"noopener\">Urban Mobility Systems<\/a><br><a href=\"https:\/\/www.linkedin.com\/company\/defense-mobility-systems\/\" target=\"_blank\" rel=\"noopener\">Mobilit\u00e4tssysteme f\u00fcr die Verteidigung<\/a><br><a href=\"https:\/\/www.linkedin.com\/company\/commandomaterieelenit\/\" target=\"_blank\" rel=\"noopener\">Kommando Material und IT<\/a><br><a href=\"https:\/\/www.linkedin.com\/company\/rijksdienstvoorondernemendnederland\/\" target=\"_blank\" rel=\"noopener\">Niederl\u00e4ndische Unternehmensagentur<\/a><br><a href=\"https:\/\/www.linkedin.com\/company\/mind-military-innovation\/\" target=\"_blank\" rel=\"noopener\">Milit\u00e4rische Innovation durch praktisches Handeln<\/a><br><a href=\"https:\/\/www.linkedin.com\/company\/invest-nl\/\" target=\"_blank\" rel=\"noopener\">Invest-NL<\/a><br><a href=\"https:\/\/www.linkedin.com\/company\/thales-defence\/\" target=\"_blank\" rel=\"noopener\">Thales-Verteidigung<\/a><\/p>\n\n\n\n<figure class=\"wp-block-image size-large\"><img fetchpriority=\"high\" decoding=\"async\" width=\"1024\" height=\"1024\" src=\"https:\/\/urbanmobilitysystems.nl\/wp-content\/uploads\/2025\/01\/1734627459124-1024x1024.jpeg\" alt=\"\" class=\"wp-image-4093\" srcset=\"https:\/\/urbanmobilitysystems.nl\/wp-content\/uploads\/2025\/01\/1734627459124-1024x1024.jpeg 1024w, https:\/\/urbanmobilitysystems.nl\/wp-content\/uploads\/2025\/01\/1734627459124-300x300.jpeg 300w, https:\/\/urbanmobilitysystems.nl\/wp-content\/uploads\/2025\/01\/1734627459124-150x150.jpeg 150w, https:\/\/urbanmobilitysystems.nl\/wp-content\/uploads\/2025\/01\/1734627459124-768x768.jpeg 768w, https:\/\/urbanmobilitysystems.nl\/wp-content\/uploads\/2025\/01\/1734627459124.jpeg 1280w\" sizes=\"(max-width: 1024px) 100vw, 1024px\" \/><\/figure>","protected":false},"excerpt":{"rendered":"<p>Today, December 19th, we are thrilled to announce that we have officially signed a contract with COMMIT for the development of a hybrid Bushmaster vehicle. Over the next year, we will collaborate closely to transform the Bushmaster into a cutting-edge hybrid, driving forward innovative and sustainable solutions. This ambitious project will feature a modular design, [&hellip;]<\/p>\n","protected":false},"author":1,"featured_media":4093,"comment_status":"open","ping_status":"open","sticky":false,"template":"","format":"standard","meta":{"footnotes":""},"categories":[1],"tags":[],"class_list":["post-4091","post","type-post","status-publish","format-standard","has-post-thumbnail","hentry","category-news"],"_links":{"self":[{"href":"https:\/\/urbanmobilitysystems.nl\/de\/wp-json\/wp\/v2\/posts\/4091","targetHints":{"allow":["GET"]}}],"collection":[{"href":"https:\/\/urbanmobilitysystems.nl\/de\/wp-json\/wp\/v2\/posts"}],"about":[{"href":"https:\/\/urbanmobilitysystems.nl\/de\/wp-json\/wp\/v2\/types\/post"}],"author":[{"embeddable":true,"href":"https:\/\/urbanmobilitysystems.nl\/de\/wp-json\/wp\/v2\/users\/1"}],"replies":[{"embeddable":true,"href":"https:\/\/urbanmobilitysystems.nl\/de\/wp-json\/wp\/v2\/comments?post=4091"}],"version-history":[{"count":2,"href":"https:\/\/urbanmobilitysystems.nl\/de\/wp-json\/wp\/v2\/posts\/4091\/revisions"}],"predecessor-version":[{"id":4095,"href":"https:\/\/urbanmobilitysystems.nl\/de\/wp-json\/wp\/v2\/posts\/4091\/revisions\/4095"}],"wp:featuredmedia":[{"embeddable":true,"href":"https:\/\/urbanmobilitysystems.nl\/de\/wp-json\/wp\/v2\/media\/4093"}],"wp:attachment":[{"href":"https:\/\/urbanmobilitysystems.nl\/de\/wp-json\/wp\/v2\/media?parent=4091"}],"wp:term":[{"taxonomy":"category","embeddable":true,"href":"https:\/\/urbanmobilitysystems.nl\/de\/wp-json\/wp\/v2\/categories?post=4091"},{"taxonomy":"post_tag","embeddable":true,"href":"https:\/\/urbanmobilitysystems.nl\/de\/wp-json\/wp\/v2\/tags?post=4091"}],"curies":[{"name":"wp","href":"https:\/\/api.w.org\/{rel}","templated":true}]}}